{"id":893,"date":"2013-05-28T13:53:58","date_gmt":"2013-05-28T13:53:58","guid":{"rendered":"http:\/\/www.kodcafe.com\/?p=893"},"modified":"2013-05-28T13:53:58","modified_gmt":"2013-05-28T13:53:58","slug":"bilisim-teknolojileri-ve-yazilim-dersi-ortaokulun-ilk-iki-sinifinda-zorunlu-hale-getirildi","status":"publish","type":"post","link":"http:\/\/www.kodcafe.com\/?p=893","title":{"rendered":"Bili\u015fim Teknolojileri ve Yaz\u0131l\u0131m dersi ortaokulun ilk iki s\u0131n\u0131f\u0131nda zorunlu hale getirildi"},"content":{"rendered":"<p>Milli E\u011fitim Bakanl\u0131\u011f\u0131&#8217;na (MEB) ba\u011fl\u0131 olarak g\u00f6rev yapan Talim Terbiye Kurulu Ba\u015fkanl\u0131\u011f\u0131 (TTK), ald\u0131\u011f\u0131 yeni bir kararla birlikte Bili\u015fim Teknolojileri ve Yaz\u0131l\u0131m dersini ortaokul \u00f6\u011frencilerinin ders \u00e7izelgesine de dahil etti.<br \/>\n<!--more--><br \/>\nYap\u0131lan bu d\u00fczenlemeyle beraber 5. ve 6. s\u0131n\u0131f \u00f6\u011frencileri de art\u0131k Bili\u015fim Teknolojileri ve Yaz\u0131l\u0131m dersini okumak &#8216;zorunda&#8217; olacaklar. \u00d6n\u00fcm\u00fczdeki y\u0131ldan itibaren ba\u015flanacak uygulamayla birlikte \u00f6\u011frencilerin bilgisayar ve teknolojiyi daha yak\u0131ndan tan\u0131mas\u0131 ama\u00e7lan\u0131yor. Kademeli olarak yap\u0131lacak d\u00fczenleme i\u015flemi sonras\u0131nda toplamdaki haftal\u0131k ders saati 35 oldu.<\/p>\n<p>Konuyla alakal\u0131 olarak Talim Terbiye Kurulu Ba\u015fkan\u0131 Emin Karip, Anadolu Ajans\u0131 muhabirine yapt\u0131\u011f\u0131 a\u00e7\u0131klamada Bili\u015fim Teknolojileri ve Yaz\u0131l\u0131m dersinin zorunlu hale getirilmesiyle birlikte, \u00f6\u011frencilerin ilerleyen zamanlarda teknolojiyi t\u00fcketmekten \u00e7ok \u00fcretme y\u00f6n\u00fcne getirmeyi ama\u00e7lad\u0131klar\u0131n\u0131 bildirdi. Bu sayede yeni projeler ve fikirler ortaya \u00e7\u0131kabilece\u011fini belirten Karip, 7 ve 8.s\u0131n\u0131flarda da se\u00e7meli ders olarak Bili\u015fim Teknolojileri ve Yaz\u0131l\u0131m&#8217;\u0131n sunulaca\u011f\u0131 bilgisini verdi.<\/p>\n<p>Kaynak..: Pclabs.com.tr<\/p>\n","protected":false},"excerpt":{"rendered":"<p>Milli E\u011fitim Bakanl\u0131\u011f\u0131&#8217;na (MEB) ba\u011fl\u0131 olarak g\u00f6rev yapan Talim Terbiye Kurulu Ba\u015fkanl\u0131\u011f\u0131 (TTK), ald\u0131\u011f\u0131 yeni bir kararla birlikte Bili\u015fim Teknolojileri ve Yaz\u0131l\u0131m dersini ortaokul \u00f6\u011frencilerinin ders \u00e7izelgesine de dahil etti.<\/p>\n","protected":false},"author":1,"featured_media":894,"comment_status":"open","ping_status":"closed","sticky":false,"template":"","format":"standard","meta":{"footnotes":""},"categories":[1,24],"tags":[],"class_list":["post-893","post","type-post","status-publish","format-standard","has-post-thumbnail","hentry","category-genel","category-program"],"_links":{"self":[{"href":"http:\/\/www.kodcafe.com\/index.php?rest_route=\/wp\/v2\/posts\/893","targetHints":{"allow":["GET"]}}],"collection":[{"href":"http:\/\/www.kodcafe.com\/index.php?rest_route=\/wp\/v2\/posts"}],"about":[{"href":"http:\/\/www.kodcafe.com\/index.php?rest_route=\/wp\/v2\/types\/post"}],"author":[{"embeddable":true,"href":"http:\/\/www.kodcafe.com\/index.php?rest_route=\/wp\/v2\/users\/1"}],"replies":[{"embeddable":true,"href":"http:\/\/www.kodcafe.com\/index.php?rest_route=%2Fwp%2Fv2%2Fcomments&post=893"}],"version-history":[{"count":0,"href":"http:\/\/www.kodcafe.com\/index.php?rest_route=\/wp\/v2\/posts\/893\/revisions"}],"wp:featuredmedia":[{"embeddable":true,"href":"http:\/\/www.kodcafe.com\/index.php?rest_route=\/"}],"wp:attachment":[{"href":"http:\/\/www.kodcafe.com\/index.php?rest_route=%2Fwp%2Fv2%2Fmedia&parent=893"}],"wp:term":[{"taxonomy":"category","embeddable":true,"href":"http:\/\/www.kodcafe.com\/index.php?rest_route=%2Fwp%2Fv2%2Fcategories&post=893"},{"taxonomy":"post_tag","embeddable":true,"href":"http:\/\/www.kodcafe.com\/index.php?rest_route=%2Fwp%2Fv2%2Ftags&post=893"}],"curies":[{"name":"wp","href":"https:\/\/api.w.org\/{rel}","templated":true}]}}