{"id":226,"date":"2011-11-06T13:44:43","date_gmt":"2011-11-06T13:44:43","guid":{"rendered":"http:\/\/www.kodcafe.com\/?p=226"},"modified":"2011-11-06T13:44:43","modified_gmt":"2011-11-06T13:44:43","slug":"internet-medyasi-icin-yasal-duzenleme-yolda","status":"publish","type":"post","link":"http:\/\/www.kodcafe.com\/?p=226","title":{"rendered":"\u0130nternet medyas\u0131 i\u00e7in yasal d\u00fczenleme yolda"},"content":{"rendered":"<p>Ba\u015fbakan Yard\u0131mc\u0131s\u0131 B\u00fclent Ar\u0131n\u00e7, internet medyas\u0131n\u0131 Bas\u0131n Kanunu&#8217;nun i\u00e7ine alacak bir d\u00fczenleme haz\u0131rlad\u0131klar\u0131n\u0131 belirterek, bunu ocak ay\u0131na kadar yasala\u015ft\u0131rmay\u0131 hedeflediklerini s\u00f6yledi.<br \/>\nPAYLA\u015eIM S\u0130TELER\u0130 \u0130\u00c7\u0130NE DAH\u0130L ED\u0130LMEYECEK<\/p>\n<p>Payla\u015f\u0131m sitelerini bunun i\u00e7ine alman\u0131n m\u00fcmk\u00fcn olmad\u0131\u011f\u0131n\u0131 belirten Ar\u0131n\u00e7, &#8216;Onlar i\u00e7in genel h\u00fck\u00fcmler cari olacak&#8217; dedi. Haber portallar\u0131n\u0131 Bas\u0131n Kanunu i\u00e7erisinde \u00f6nemli bir yere koyduklar\u0131na i\u015faret eden Ar\u0131n\u00e7, \u015funlar\u0131 s\u00f6yledi: &#8216;Bu portallarda \u00e7al\u0131\u015fanlar sar\u0131 bas\u0131n kart\u0131 sahibi olacaklar. Bunlar, belki reklam ve ilan gelirlerinden istifade edecekler. Bas\u0131n Kanunu&#8217;nun uyar\u0131lar\u0131, m\u00fceyyideleri ayn\u0131 \u015fekilde internette haber portallar\u0131 i\u00e7in de ge\u00e7erli olacak.&#8217; \u0130nternet medyas\u0131 alan\u0131nda birden fazla dernek bulundu\u011funu, tasla\u011f\u0131n onlarla birlikte haz\u0131rland\u0131\u011f\u0131n\u0131 anlatan Ar\u0131n\u00e7, d\u00fczenlemeler konusunda onlar\u0131n da olurunu ald\u0131klar\u0131n\u0131 s\u00f6yledi.<\/p>\n<p>Taslak ne getiriyor?<br \/>\n\u0130nternet haber siteleri, belirtilen zorunlu bilgileri kullan\u0131c\u0131lar\u0131n ana sayfadan do\u011frudan ula\u015fabilece\u011fi \u015fekilde ve ileti\u015fim ba\u015fl\u0131\u011f\u0131 alt\u0131nda bulundurmakla y\u00fck\u00fcml\u00fc olacak.<br \/>\n\u0130nternet haber sitelerinde bir i\u00e7eri\u011fin \u0130nternette ilk kez sunulmaya ba\u015fland\u0131\u011f\u0131 tarih, her eri\u015fildi\u011finde de\u011fi\u015fmeyecek \u015fekilde i\u00e7eri\u011fin \u00fczerinde belirtilecek.<br \/>\nBas\u0131n Kanunu&#8217;nun yay\u0131n durdurma m\u00fceyyidesine ili\u015fkin h\u00fck\u00fcmler, internet haber siteleri i\u00e7in uygulanmayacak. Yay\u0131n durdurma m\u00fceyyidesi sebeplerinin ortaya \u00e7\u0131kmas\u0131 veya yer sa\u011flay\u0131c\u0131l\u0131k faaliyet belgesinin iptali durumlar\u0131nda, internet haber siteleri i\u00e7in sa\u011flanan haklar ortadan kalkacak.<br \/>\n\u0130nternet haber siteleri, yay\u0131nlad\u0131klar\u0131 i\u00e7erikleri, do\u011frulu\u011fu ve b\u00fct\u00fcnl\u00fc\u011f\u00fc sa\u011flanm\u0131\u015f \u015fekilde bir y\u0131l s\u00fcre ile muhafaza etmeye ve gerekti\u011finde talep eden yetkili mercilere teslim etmeye mecbur olacak.<br \/>\n\u0130nternet haber sitesi sorumlu m\u00fcd\u00fcr\u00fc, haz\u0131rlanan d\u00fczeltme ve cevab\u0131, belirtilen usul ve esaslara g\u00f6re kullan\u0131c\u0131lar\u0131n ana sayfadan do\u011frudan ula\u015fabilece\u011fi \u015fekilde ve tekzip ba\u015fl\u0131\u011f\u0131 alt\u0131nda bir hafta s\u00fcreyle yay\u0131mlayacak.<br \/>\n\u0130nternet haber sitelerinin, Bas\u0131n \u0130lan Kurumunun ilan ve reklam gelirlerinden yararlanmas\u0131 da s\u00f6z konusu.<\/p>\n","protected":false},"excerpt":{"rendered":"<p>Ba\u015fbakan Yard\u0131mc\u0131s\u0131 B\u00fclent Ar\u0131n\u00e7, internet medyas\u0131n\u0131 Bas\u0131n Kanunu&#8217;nun i\u00e7ine alacak bir d\u00fczenleme haz\u0131rlad\u0131klar\u0131n\u0131 belirterek, bunu ocak ay\u0131na kadar yasala\u015ft\u0131rmay\u0131 hedeflediklerini s\u00f6yledi. PAYLA\u015eIM S\u0130TELER\u0130 \u0130\u00c7\u0130NE DAH\u0130L ED\u0130LMEYECEK Payla\u015f\u0131m sitelerini bunun i\u00e7ine alman\u0131n m\u00fcmk\u00fcn olmad\u0131\u011f\u0131n\u0131 belirten Ar\u0131n\u00e7, &#8216;Onlar i\u00e7in genel h\u00fck\u00fcmler cari olacak&#8217; dedi. Haber portallar\u0131n\u0131 Bas\u0131n Kanunu i\u00e7erisinde \u00f6nemli bir yere koyduklar\u0131na i\u015faret eden Ar\u0131n\u00e7, \u015funlar\u0131 [&hellip;]<\/p>\n","protected":false},"author":1,"featured_media":125,"comment_status":"open","ping_status":"closed","sticky":false,"template":"","format":"standard","meta":{"footnotes":""},"categories":[1,17],"tags":[],"class_list":["post-226","post","type-post","status-publish","format-standard","has-post-thumbnail","hentry","category-genel","category-internet"],"_links":{"self":[{"href":"http:\/\/www.kodcafe.com\/index.php?rest_route=\/wp\/v2\/posts\/226","targetHints":{"allow":["GET"]}}],"collection":[{"href":"http:\/\/www.kodcafe.com\/index.php?rest_route=\/wp\/v2\/posts"}],"about":[{"href":"http:\/\/www.kodcafe.com\/index.php?rest_route=\/wp\/v2\/types\/post"}],"author":[{"embeddable":true,"href":"http:\/\/www.kodcafe.com\/index.php?rest_route=\/wp\/v2\/users\/1"}],"replies":[{"embeddable":true,"href":"http:\/\/www.kodcafe.com\/index.php?rest_route=%2Fwp%2Fv2%2Fcomments&post=226"}],"version-history":[{"count":0,"href":"http:\/\/www.kodcafe.com\/index.php?rest_route=\/wp\/v2\/posts\/226\/revisions"}],"wp:featuredmedia":[{"embeddable":true,"href":"http:\/\/www.kodcafe.com\/index.php?rest_route=\/"}],"wp:attachment":[{"href":"http:\/\/www.kodcafe.com\/index.php?rest_route=%2Fwp%2Fv2%2Fmedia&parent=226"}],"wp:term":[{"taxonomy":"category","embeddable":true,"href":"http:\/\/www.kodcafe.com\/index.php?rest_route=%2Fwp%2Fv2%2Fcategories&post=226"},{"taxonomy":"post_tag","embeddable":true,"href":"http:\/\/www.kodcafe.com\/index.php?rest_route=%2Fwp%2Fv2%2Ftags&post=226"}],"curies":[{"name":"wp","href":"https:\/\/api.w.org\/{rel}","templated":true}]}}